{"id":4635,"date":"2025-10-06T08:53:48","date_gmt":"2025-10-06T11:53:48","guid":{"rendered":"https:\/\/campos.uff.br\/?p=4635"},"modified":"2025-11-19T09:19:14","modified_gmt":"2025-11-19T12:19:14","slug":"chamada-para-artigos-revista-goitaca","status":"publish","type":"post","link":"https:\/\/campos.uff.br\/?p=4635","title":{"rendered":"Chamada para Artigos \u2013 Revista Goitac\u00e1"},"content":{"rendered":"\n<p class=\"wp-block-paragraph\">O Comit\u00ea Editorial da Revista Goitac\u00e1, vinculada \u00e0 Universidade Federal Fluminense (UFF \u2013 Campos dos Goytacazes), anuncia a nova chamada para submiss\u00e3o de artigos para a edi\u00e7\u00e3o V.4 (N.1 e N.2), que abordar\u00e1 o tema:<\/p>\n\n\n\n<p class=\"wp-block-paragraph\"><strong>\u201cSujeitos, Estado e Pol\u00edticas Sociais\u201d<\/strong><\/p>\n\n\n\n<p class=\"wp-block-paragraph\">Nesta edi\u00e7\u00e3o, a revista convida pesquisadoras, pesquisadores e profissionais das mais diversas \u00e1reas a refletirem sobre as pol\u00edticas sociais em tempos de capital financeiro, a precariza\u00e7\u00e3o das pol\u00edticas p\u00fablicas, os sujeitos que delas dependem, e as formas contempor\u00e2neas de barb\u00e1rie e necropol\u00edtica.<\/p>\n\n\n\n<p class=\"wp-block-paragraph\"><strong>Per\u00edodo de recebimento de artigos:<\/strong><br>De 03 de outubro de 2025 a 03 de novembro de 2025<\/p>\n\n\n\n<p class=\"wp-block-paragraph\">Al\u00e9m do dossi\u00ea tem\u00e1tico, a Revista Goitac\u00e1 tamb\u00e9m conta com uma se\u00e7\u00e3o de temas livres, oferecendo espa\u00e7o para publica\u00e7\u00f5es que dialoguem com diferentes campos do conhecimento e contribuam para o debate acad\u00eamico e social.<\/p>\n\n\n\n<p class=\"wp-block-paragraph\"><strong>Como participar:<\/strong><br>As normas de elabora\u00e7\u00e3o, apresenta\u00e7\u00e3o e crit\u00e9rios de aceita\u00e7\u00e3o dos trabalhos est\u00e3o dispon\u00edveis no site:<br>https:\/\/periodicos.uff.br\/revistagoitaca\/about\/submissions<\/p>\n\n\n\n<figure class=\"wp-block-image size-large\"><img fetchpriority=\"high\" decoding=\"async\" width=\"819\" height=\"1024\" src=\"https:\/\/campos.uff.br\/wp-content\/uploads\/2025\/10\/Chamada-para-publicacao-Revista-Goitaca-819x1024.jpg\" alt=\"\" class=\"wp-image-4636\" srcset=\"https:\/\/campos.uff.br\/wp-content\/uploads\/2025\/10\/Chamada-para-publicacao-Revista-Goitaca-819x1024.jpg 819w, https:\/\/campos.uff.br\/wp-content\/uploads\/2025\/10\/Chamada-para-publicacao-Revista-Goitaca-240x300.jpg 240w, https:\/\/campos.uff.br\/wp-content\/uploads\/2025\/10\/Chamada-para-publicacao-Revista-Goitaca-768x960.jpg 768w, https:\/\/campos.uff.br\/wp-content\/uploads\/2025\/10\/Chamada-para-publicacao-Revista-Goitaca.jpg 1080w\" sizes=\"(max-width: 819px) 100vw, 819px\" \/><\/figure>\n","protected":false},"excerpt":{"rendered":"<p>O Comit\u00ea Editorial da Revista Goitac\u00e1, vinculada \u00e0 Universidade Federal Fluminense (UFF \u2013 Campos dos Goytacazes), anuncia a nova chamada para submiss\u00e3o de artigos para a edi\u00e7\u00e3o V.4 (N.1 e N.2), que abordar\u00e1 o tema: \u201cSujeitos, Estado e Pol\u00edticas Sociais\u201d Nesta edi\u00e7\u00e3o, a revista convida pesquisadoras, pesquisadores e profissionais das mais diversas \u00e1reas a refletirem [&hellip;]<\/p>\n","protected":false},"author":2,"featured_media":4636,"comment_status":"closed","ping_status":"","sticky":false,"template":"","format":"standard","meta":{"footnotes":""},"categories":[89,9],"tags":[],"class_list":["post-4635","post","type-post","status-publish","format-standard","has-post-thumbnail","hentry","category-destaques","category-noticias"],"_links":{"self":[{"href":"https:\/\/campos.uff.br\/index.php?rest_route=\/wp\/v2\/posts\/4635","targetHints":{"allow":["GET"]}}],"collection":[{"href":"https:\/\/campos.uff.br\/index.php?rest_route=\/wp\/v2\/posts"}],"about":[{"href":"https:\/\/campos.uff.br\/index.php?rest_route=\/wp\/v2\/types\/post"}],"author":[{"embeddable":true,"href":"https:\/\/campos.uff.br\/index.php?rest_route=\/wp\/v2\/users\/2"}],"replies":[{"embeddable":true,"href":"https:\/\/campos.uff.br\/index.php?rest_route=%2Fwp%2Fv2%2Fcomments&post=4635"}],"version-history":[{"count":1,"href":"https:\/\/campos.uff.br\/index.php?rest_route=\/wp\/v2\/posts\/4635\/revisions"}],"predecessor-version":[{"id":4637,"href":"https:\/\/campos.uff.br\/index.php?rest_route=\/wp\/v2\/posts\/4635\/revisions\/4637"}],"wp:featuredmedia":[{"embeddable":true,"href":"https:\/\/campos.uff.br\/index.php?rest_route=\/wp\/v2\/media\/4636"}],"wp:attachment":[{"href":"https:\/\/campos.uff.br\/index.php?rest_route=%2Fwp%2Fv2%2Fmedia&parent=4635"}],"wp:term":[{"taxonomy":"category","embeddable":true,"href":"https:\/\/campos.uff.br\/index.php?rest_route=%2Fwp%2Fv2%2Fcategories&post=4635"},{"taxonomy":"post_tag","embeddable":true,"href":"https:\/\/campos.uff.br\/index.php?rest_route=%2Fwp%2Fv2%2Ftags&post=4635"}],"curies":[{"name":"wp","href":"https:\/\/api.w.org\/{rel}","templated":true}]}}