{"id":4575,"date":"2025-08-25T15:09:27","date_gmt":"2025-08-25T18:09:27","guid":{"rendered":"https:\/\/campos.uff.br\/?p=4575"},"modified":"2025-11-19T09:19:14","modified_gmt":"2025-11-19T12:19:14","slug":"forum-incluir-se-1o-encontro","status":"publish","type":"post","link":"https:\/\/campos.uff.br\/?p=4575","title":{"rendered":"F\u00f3rum Incluir(-Se) \u2013 1\u00ba Encontro"},"content":{"rendered":"\n<p class=\"wp-block-paragraph\">A<strong>cessibilidade e Inclus\u00e3o na Universidade: Defici\u00eancias Visuais e Auditivas<\/strong><\/p>\n\n\n\n<p class=\"wp-block-paragraph\">A Universidade Federal Fluminense \u2013 Campus Campos dos Goytacazes convida a comunidade acad\u00eamica e externa para o <strong>1\u00ba Encontro do F\u00f3rum Incluir(-Se)<\/strong>, que ter\u00e1 como tema a <strong>acessibilidade e inclus\u00e3o de pessoas com defici\u00eancias visuais e auditivas no ambiente universit\u00e1rio<\/strong>.<\/p>\n\n\n\n<p class=\"wp-block-paragraph\">\ud83d\udcc5 <strong>Data:<\/strong> 27 de agosto de 2025 (quarta-feira)<br>\ud83d\udd51 <strong>Hor\u00e1rio:<\/strong> 14h<br>\ud83d\udccd <strong>Local:<\/strong> Audit\u00f3rio UFF Campos \u2013 XV de Novembro<\/p>\n\n\n\n<p class=\"wp-block-paragraph\">O evento contar\u00e1 com a participa\u00e7\u00e3o de especialistas e convidados que compartilhar\u00e3o suas experi\u00eancias e pr\u00e1ticas sobre inclus\u00e3o no ensino superior: <strong>Renata Concei\u00e7\u00e3o, Francieli Vicente, J\u00falio dos Reis, Carolinne Bichara, Milena Figueiredo, Andr\u00e9 Nogueira, Sirley dos Santos<\/strong> e <strong>Gabriela Toledo<\/strong>.<\/p>\n\n\n\n<p class=\"wp-block-paragraph\">As vagas s\u00e3o limitadas e as inscri\u00e7\u00f5es j\u00e1 est\u00e3o abertas.<\/p>\n\n\n\n<p class=\"wp-block-paragraph\">F\u00f3rum Incluir (-Se) \u2013 1\u00ba Encontro- UFF Campos<br>Acessibilidade e Inclus\u00e3o na Universidade: Defici\u00eancias Visuais e Audi\udbc0\udd9fvas<br>Inscri\u00e7\u00f5es: <a href=\"https:\/\/forms.gle\/vfSQzYznUvwttFxaA\">https:\/\/forms.gle\/vfSQzYznUvwttFxaA<\/a><\/p>\n\n\n\n<p class=\"wp-block-paragraph\"><\/p>\n\n\n\n<figure class=\"wp-block-image size-large\"><img fetchpriority=\"high\" decoding=\"async\" width=\"724\" height=\"1024\" src=\"https:\/\/campos.uff.br\/wp-content\/uploads\/2025\/08\/1a-encontro-A4-1-724x1024.png\" alt=\"\" class=\"wp-image-4576\" srcset=\"https:\/\/campos.uff.br\/wp-content\/uploads\/2025\/08\/1a-encontro-A4-1-724x1024.png 724w, https:\/\/campos.uff.br\/wp-content\/uploads\/2025\/08\/1a-encontro-A4-1-212x300.png 212w, https:\/\/campos.uff.br\/wp-content\/uploads\/2025\/08\/1a-encontro-A4-1-768x1086.png 768w, https:\/\/campos.uff.br\/wp-content\/uploads\/2025\/08\/1a-encontro-A4-1-1086x1536.png 1086w, https:\/\/campos.uff.br\/wp-content\/uploads\/2025\/08\/1a-encontro-A4-1.png 1414w\" sizes=\"(max-width: 724px) 100vw, 724px\" \/><\/figure>\n\n\n\n<p class=\"wp-block-paragraph\"><\/p>\n","protected":false},"excerpt":{"rendered":"<p>Acessibilidade e Inclus\u00e3o na Universidade: Defici\u00eancias Visuais e Auditivas A Universidade Federal Fluminense \u2013 Campus Campos dos Goytacazes convida a comunidade acad\u00eamica e externa para o 1\u00ba Encontro do F\u00f3rum Incluir(-Se), que ter\u00e1 como tema a acessibilidade e inclus\u00e3o de pessoas com defici\u00eancias visuais e auditivas no ambiente universit\u00e1rio. \ud83d\udcc5 Data: 27 de agosto de [&hellip;]<\/p>\n","protected":false},"author":2,"featured_media":4576,"comment_status":"closed","ping_status":"","sticky":false,"template":"","format":"standard","meta":{"footnotes":""},"categories":[89,9],"tags":[],"class_list":["post-4575","post","type-post","status-publish","format-standard","has-post-thumbnail","hentry","category-destaques","category-noticias"],"_links":{"self":[{"href":"https:\/\/campos.uff.br\/index.php?rest_route=\/wp\/v2\/posts\/4575","targetHints":{"allow":["GET"]}}],"collection":[{"href":"https:\/\/campos.uff.br\/index.php?rest_route=\/wp\/v2\/posts"}],"about":[{"href":"https:\/\/campos.uff.br\/index.php?rest_route=\/wp\/v2\/types\/post"}],"author":[{"embeddable":true,"href":"https:\/\/campos.uff.br\/index.php?rest_route=\/wp\/v2\/users\/2"}],"replies":[{"embeddable":true,"href":"https:\/\/campos.uff.br\/index.php?rest_route=%2Fwp%2Fv2%2Fcomments&post=4575"}],"version-history":[{"count":1,"href":"https:\/\/campos.uff.br\/index.php?rest_route=\/wp\/v2\/posts\/4575\/revisions"}],"predecessor-version":[{"id":4577,"href":"https:\/\/campos.uff.br\/index.php?rest_route=\/wp\/v2\/posts\/4575\/revisions\/4577"}],"wp:featuredmedia":[{"embeddable":true,"href":"https:\/\/campos.uff.br\/index.php?rest_route=\/wp\/v2\/media\/4576"}],"wp:attachment":[{"href":"https:\/\/campos.uff.br\/index.php?rest_route=%2Fwp%2Fv2%2Fmedia&parent=4575"}],"wp:term":[{"taxonomy":"category","embeddable":true,"href":"https:\/\/campos.uff.br\/index.php?rest_route=%2Fwp%2Fv2%2Fcategories&post=4575"},{"taxonomy":"post_tag","embeddable":true,"href":"https:\/\/campos.uff.br\/index.php?rest_route=%2Fwp%2Fv2%2Ftags&post=4575"}],"curies":[{"name":"wp","href":"https:\/\/api.w.org\/{rel}","templated":true}]}}