{"id":4397,"date":"2025-06-26T17:40:53","date_gmt":"2025-06-26T20:40:53","guid":{"rendered":"https:\/\/campos.uff.br\/?p=4397"},"modified":"2025-11-19T09:19:14","modified_gmt":"2025-11-19T12:19:14","slug":"relatorio-final-da-gestao-2021-2025","status":"publish","type":"post","link":"https:\/\/campos.uff.br\/?p=4397","title":{"rendered":"Relat\u00f3rio Final da Gest\u00e3o 2021\u20132025"},"content":{"rendered":"\n<figure class=\"wp-block-image aligncenter size-full is-resized has-custom-border\"><img fetchpriority=\"high\" decoding=\"async\" width=\"1150\" height=\"1600\" src=\"https:\/\/campos.uff.br\/wp-content\/uploads\/2025\/06\/WhatsApp-Image-2025-06-26-at-17.35.58.jpeg\" alt=\"\" class=\"has-border-color has-vivid-cyan-blue-border-color wp-image-4398\" style=\"border-width:9px;width:381px;height:auto\" srcset=\"https:\/\/campos.uff.br\/wp-content\/uploads\/2025\/06\/WhatsApp-Image-2025-06-26-at-17.35.58.jpeg 1150w, https:\/\/campos.uff.br\/wp-content\/uploads\/2025\/06\/WhatsApp-Image-2025-06-26-at-17.35.58-216x300.jpeg 216w, https:\/\/campos.uff.br\/wp-content\/uploads\/2025\/06\/WhatsApp-Image-2025-06-26-at-17.35.58-736x1024.jpeg 736w, https:\/\/campos.uff.br\/wp-content\/uploads\/2025\/06\/WhatsApp-Image-2025-06-26-at-17.35.58-768x1069.jpeg 768w, https:\/\/campos.uff.br\/wp-content\/uploads\/2025\/06\/WhatsApp-Image-2025-06-26-at-17.35.58-1104x1536.jpeg 1104w\" sizes=\"(max-width: 1150px) 100vw, 1150px\" \/><\/figure>\n\n\n\n<p class=\"wp-block-paragraph\">A Dire\u00e7\u00e3o do Instituto de Ci\u00eancias da Sociedade e Desenvolvimento Regional torna p\u00fablico o Relat\u00f3rio Final da Gest\u00e3o 2021\u20132025, documento que sistematiza os principais avan\u00e7os, desafios e a\u00e7\u00f5es realizadas ao longo dos \u00faltimos quatro anos.<\/p>\n\n\n\n<p class=\"wp-block-paragraph\"><br>Mais do que um balan\u00e7o administrativo, trata-se de um registro institucional que reafirma o compromisso com a transpar\u00eancia, a valoriza\u00e7\u00e3o da mem\u00f3ria coletiva e a consolida\u00e7\u00e3o de um projeto acad\u00eamico comprometido com a universidade p\u00fablica, gratuita e socialmente referenciada.<\/p>\n\n\n\n<p class=\"wp-block-paragraph\">Convidamos todas e todos \u00e0 leitura atenta do relat\u00f3rio!<\/p>\n\n\n\n<div data-wp-interactive=\"core\/file\" class=\"wp-block-file aligncenter\"><object data-wp-bind--hidden=\"!state.hasPdfPreview\" hidden class=\"wp-block-file__embed\" data=\"https:\/\/campos.uff.br\/wp-content\/uploads\/2025\/06\/Relatorio-de-Gestao-ESR-2021-2025.pdf\" type=\"application\/pdf\" style=\"width:100%;height:600px\" aria-label=\"Incorporado de Relat\u00f3rio de Gest\u00e3o ESR 2021-2025.\"><\/object><a id=\"wp-block-file--media-a0afe56e-94ff-494e-aa7d-947b6aa7bab9\" href=\"https:\/\/campos.uff.br\/wp-content\/uploads\/2025\/06\/Relatorio-de-Gestao-ESR-2021-2025.pdf\">Relat\u00f3rio de Gest\u00e3o ESR 2021-2025<\/a><a href=\"https:\/\/campos.uff.br\/wp-content\/uploads\/2025\/06\/Relatorio-de-Gestao-ESR-2021-2025.pdf\" class=\"wp-block-file__button wp-element-button\" download aria-describedby=\"wp-block-file--media-a0afe56e-94ff-494e-aa7d-947b6aa7bab9\">Baixar<\/a><\/div>\n\n\n\n<p class=\"wp-block-paragraph\"><\/p>\n","protected":false},"excerpt":{"rendered":"<p>A Dire\u00e7\u00e3o do Instituto de Ci\u00eancias da Sociedade e Desenvolvimento Regional torna p\u00fablico o Relat\u00f3rio Final da Gest\u00e3o 2021\u20132025, documento que sistematiza os principais avan\u00e7os, desafios e a\u00e7\u00f5es realizadas ao longo dos \u00faltimos quatro anos. Mais do que um balan\u00e7o administrativo, trata-se de um registro institucional que reafirma o compromisso com a transpar\u00eancia, a valoriza\u00e7\u00e3o [&hellip;]<\/p>\n","protected":false},"author":3,"featured_media":4398,"comment_status":"closed","ping_status":"closed","sticky":false,"template":"","format":"standard","meta":{"footnotes":""},"categories":[89,9],"tags":[],"class_list":["post-4397","post","type-post","status-publish","format-standard","has-post-thumbnail","hentry","category-destaques","category-noticias"],"_links":{"self":[{"href":"https:\/\/campos.uff.br\/index.php?rest_route=\/wp\/v2\/posts\/4397","targetHints":{"allow":["GET"]}}],"collection":[{"href":"https:\/\/campos.uff.br\/index.php?rest_route=\/wp\/v2\/posts"}],"about":[{"href":"https:\/\/campos.uff.br\/index.php?rest_route=\/wp\/v2\/types\/post"}],"author":[{"embeddable":true,"href":"https:\/\/campos.uff.br\/index.php?rest_route=\/wp\/v2\/users\/3"}],"replies":[{"embeddable":true,"href":"https:\/\/campos.uff.br\/index.php?rest_route=%2Fwp%2Fv2%2Fcomments&post=4397"}],"version-history":[{"count":1,"href":"https:\/\/campos.uff.br\/index.php?rest_route=\/wp\/v2\/posts\/4397\/revisions"}],"predecessor-version":[{"id":4400,"href":"https:\/\/campos.uff.br\/index.php?rest_route=\/wp\/v2\/posts\/4397\/revisions\/4400"}],"wp:featuredmedia":[{"embeddable":true,"href":"https:\/\/campos.uff.br\/index.php?rest_route=\/wp\/v2\/media\/4398"}],"wp:attachment":[{"href":"https:\/\/campos.uff.br\/index.php?rest_route=%2Fwp%2Fv2%2Fmedia&parent=4397"}],"wp:term":[{"taxonomy":"category","embeddable":true,"href":"https:\/\/campos.uff.br\/index.php?rest_route=%2Fwp%2Fv2%2Fcategories&post=4397"},{"taxonomy":"post_tag","embeddable":true,"href":"https:\/\/campos.uff.br\/index.php?rest_route=%2Fwp%2Fv2%2Ftags&post=4397"}],"curies":[{"name":"wp","href":"https:\/\/api.w.org\/{rel}","templated":true}]}}